{"id":5015,"date":"2017-05-18T18:47:27","date_gmt":"2017-05-18T15:47:27","guid":{"rendered":"https:\/\/www.conaculambient.ro\/?p=5015"},"modified":"2017-05-18T18:49:28","modified_gmt":"2017-05-18T15:49:28","slug":"1-june-international-childrens-day","status":"publish","type":"post","link":"https:\/\/www.conaculambient.ro\/es\/1-june-international-childrens-day\/","title":{"rendered":"1 Junio, Dia Internacional de la Infancia"},"content":{"rendered":"<p>Conacul Ambient, fiel a las tradiciones y los verdaderos valores de la familia les invita a pasar con nosotros un 1 de Junio de excepci\u00f3n para celebrar a los ni\u00f1os y consentirles con sorpresas inolvidables.<\/p>\n<p>Nuestro equipo har\u00e1 que sea un d\u00eda maravilloso tanto para ni\u00f1os como para adultos. Los ni\u00f1os pueden dar rienda suelta a la imaginaci\u00f3n en las esquinas de las zonas de juegos especialmente concebidas para ellos y pueden disfrutar de mini f\u00fatbol, baloncesto, balonmano, voleibol, b\u00e1dminton, tenis de mesa.<\/p>\n<p>Situado en Cristian, un lugar de ensue\u00f1o, Conacul Ambient, no s\u00f3lo ofrece las m\u00e1s c\u00f3modas habitaciones e impecable servicio de cinco estrellas, pero tambien grandes oportunidades para la diversi\u00f3n y visitas tur\u00edsticas de excepci\u00f3n: la reserva de osos de Zarnesti, la reserva de bisontes en el parque nacional Vama Buzau, senderismo y trekking en Bucegi, aventura 4&#215;4, degustaci\u00f3n de vinos con sommelier autorizada, alquiler de bicicletas y carril bici fuera de la carretera; varios juegos de teambuilding: tiro con arco, tiro con carabina, parapente, tirolina, b\u00fasqueda del tesoro, volar en globo aerost\u00e1tico, rappel, vuelo en helic\u00f3ptero, vuelo con motoparapanta, escalada en roca y mucho m\u00e1s.<\/p>\n<p>Muy cerca se puede disfrutar de un d\u00eda en el Paradisul Acvatic, el mayor complejo acu\u00e1tico de Transilvania, donde mientras usted puede relajarse, los ni\u00f1os pueden disfrutar de la piscina con agua tibia, especialmente dise\u00f1ada y equipada para la comodidad y seguridad de ellos.<\/p>\n<p>Cada a\u00f1o, en el primer d\u00eda de verano se celebra el D\u00eda Internacional de la Infancia y en esta ocasi\u00f3n se celebra el mejor periodo de nuestras vidas, la infancia, apoyamos los ni\u00f1os, les apreciamos y les amamos y promovemos su bienestar.<\/p>\n<p>El <a href=\"https:\/\/es.wikipedia.org\/wiki\/D%C3%ADa_del_Ni%C3%B1o\"><strong>D\u00eda Internacional del Ni\u00f1o<\/strong><\/a> se celebr\u00f3 por primera vez a nivel nacional en Turqu\u00eda en el d\u00eda 23 de abril de 1920. El Dia Internacional del Ni\u00f1o &#8211; 1 de junio, se hizo historia a principios de 1925, cuando se celebr\u00f3 la Conferencia Mundial de Ginebra para el bienestar de los ni\u00f1os.<\/p>\n<p>1 de junio es el d\u00eda en que todos volvemos de nuevo a los dulces e inocentes momentos de la infancia junto con los ni\u00f1os. Es un d\u00eda especial en el que tenemos que darnos cuenta de que hay que dar prioridad a los ni\u00f1os, ya que necesitan nuestro apoyo y atenci\u00f3n todos los d\u00edas.<\/p>\n<p>ONU apoy\u00f3 esta iniciativa y proclam\u00f3 la protecci\u00f3n de los derechos, la vida y la salud de los ni\u00f1os como una prioridad de su trabajo.<\/p>\n<p>\u00a1Les esperamos con cari\u00f1o para volver a ser todos ni\u00f1os por un d\u00eda!<\/p>","protected":false},"excerpt":{"rendered":"<p>Conacul Ambient, fiel a las tradiciones y los verdaderos valores de la familia les invita a pasar con nosotros un [&hellip;]<\/p>\n","protected":false},"author":2,"featured_media":5016,"comment_status":"closed","ping_status":"open","sticky":false,"template":"","format":"standard","meta":{"footnotes":""},"categories":[55,35,4],"tags":[56,57],"yst_prominent_words":[],"class_list":["post-5015","post","type-post","status-publish","format-standard","has-post-thumbnail","hentry","category-1-iunie-ziua-internationala-a-copilului","category-ambient-conacul","category-news","tag-1-june-international-childrens-day","tag-parents"],"yoast_head":"<!-- This site is optimized with the Yoast SEO Premium plugin v14.0.2 - https:\/\/yoast.com\/wordpress\/plugins\/seo\/ -->\n<title>1 Junio, Dia Internacional de la Infancia - Ambient Conacul<\/title>\n<meta name=\"robots\" content=\"index, follow\" \/>\n<meta name=\"googlebot\" content=\"index, follow, max-snippet:-1, max-image-preview:large, max-video-preview:-1\" \/>\n<meta name=\"bingbot\" content=\"index, follow, max-snippet:-1, max-image-preview:large, max-video-preview:-1\" \/>\n<link rel=\"canonical\" href=\"https:\/\/www.conaculambient.ro\/1-june-international-childrens-day\/\" \/>\n<meta property=\"og:locale\" content=\"es_ES\" \/>\n<meta property=\"og:type\" content=\"article\" \/>\n<meta property=\"og:title\" content=\"[:ro]1 Iunie, Ziua Interna\u0163ional\u0103 a Copilului. S\u0103 d\u0103m \u00een mintea copiilor![:en]1 June, International Children&#039;s Day[:es]1 Junio, Dia Internacional de la Infancia[:de]1 Juni, Internationaler Kindertag[:] - Ambient Conacul\" \/>\n<meta property=\"og:description\" content=\"Conacul Ambient, fiel a las tradiciones y los verdaderos valores de la familia les invita a pasar con nosotros un [&hellip;]\" \/>\n<meta property=\"og:url\" content=\"https:\/\/www.conaculambient.ro\/1-june-international-childrens-day\/\" \/>\n<meta property=\"og:site_name\" content=\"Ambient Conacul\" \/>\n<meta property=\"article:published_time\" content=\"2017-05-18T15:47:27+00:00\" \/>\n<meta property=\"article:modified_time\" content=\"2017-05-18T15:49:28+00:00\" \/>\n<meta property=\"og:image\" content=\"https:\/\/www.conaculambient.ro\/wp-content\/uploads\/2017\/05\/News1IunieConaculAmbient.png\" \/>\n\t<meta property=\"og:image:width\" content=\"768\" \/>\n\t<meta property=\"og:image:height\" content=\"433\" \/>\n<meta name=\"twitter:card\" content=\"summary_large_image\" \/>\n<script type=\"application\/ld+json\" class=\"yoast-schema-graph\">{\"@context\":\"https:\/\/schema.org\",\"@graph\":[{\"@type\":\"WebSite\",\"@id\":\"https:\/\/www.conaculambient.ro\/es\/#website\",\"url\":\"https:\/\/www.conaculambient.ro\/es\/\",\"name\":\"Ambient Conacul\",\"description\":\"Consigue el mejor precio en el site oficial\",\"potentialAction\":[{\"@type\":\"SearchAction\",\"target\":\"https:\/\/www.conaculambient.ro\/es\/?s={search_term_string}\",\"query-input\":\"required name=search_term_string\"}],\"inLanguage\":\"es\"},{\"@type\":\"ImageObject\",\"@id\":\"https:\/\/www.conaculambient.ro\/1-june-international-childrens-day\/#primaryimage\",\"inLanguage\":\"es\",\"url\":\"https:\/\/www.conaculambient.ro\/wp-content\/uploads\/2017\/05\/News1IunieConaculAmbient.png\",\"width\":768,\"height\":433},{\"@type\":\"WebPage\",\"@id\":\"https:\/\/www.conaculambient.ro\/1-june-international-childrens-day\/#webpage\",\"url\":\"https:\/\/www.conaculambient.ro\/1-june-international-childrens-day\/\",\"name\":\"[:ro]1 Iunie, Ziua Interna\\u0163ional\\u0103 a Copilului. S\\u0103 d\\u0103m \\u00een mintea copiilor![:en]1 June, International Children's Day[:es]1 Junio, Dia Internacional de la Infancia[:de]1 Juni, Internationaler Kindertag[:] - Ambient Conacul\",\"isPartOf\":{\"@id\":\"https:\/\/www.conaculambient.ro\/es\/#website\"},\"primaryImageOfPage\":{\"@id\":\"https:\/\/www.conaculambient.ro\/1-june-international-childrens-day\/#primaryimage\"},\"datePublished\":\"2017-05-18T15:47:27+00:00\",\"dateModified\":\"2017-05-18T15:49:28+00:00\",\"author\":{\"@id\":\"https:\/\/www.conaculambient.ro\/es\/#\/schema\/person\/0a835895830c5fcfb8fcff2bac678f9c\"},\"inLanguage\":\"es\",\"potentialAction\":[{\"@type\":\"ReadAction\",\"target\":[\"https:\/\/www.conaculambient.ro\/1-june-international-childrens-day\/\"]}]},{\"@type\":[\"Person\"],\"@id\":\"https:\/\/www.conaculambient.ro\/es\/#\/schema\/person\/0a835895830c5fcfb8fcff2bac678f9c\",\"name\":\"Diana Stoica\"}]}<\/script>\n<!-- \/ Yoast SEO Premium plugin. -->","_links":{"self":[{"href":"https:\/\/www.conaculambient.ro\/es\/wp-json\/wp\/v2\/posts\/5015","targetHints":{"allow":["GET"]}}],"collection":[{"href":"https:\/\/www.conaculambient.ro\/es\/wp-json\/wp\/v2\/posts"}],"about":[{"href":"https:\/\/www.conaculambient.ro\/es\/wp-json\/wp\/v2\/types\/post"}],"author":[{"embeddable":true,"href":"https:\/\/www.conaculambient.ro\/es\/wp-json\/wp\/v2\/users\/2"}],"replies":[{"embeddable":true,"href":"https:\/\/www.conaculambient.ro\/es\/wp-json\/wp\/v2\/comments?post=5015"}],"version-history":[{"count":2,"href":"https:\/\/www.conaculambient.ro\/es\/wp-json\/wp\/v2\/posts\/5015\/revisions"}],"predecessor-version":[{"id":5018,"href":"https:\/\/www.conaculambient.ro\/es\/wp-json\/wp\/v2\/posts\/5015\/revisions\/5018"}],"wp:featuredmedia":[{"embeddable":true,"href":"https:\/\/www.conaculambient.ro\/es\/wp-json\/wp\/v2\/media\/5016"}],"wp:attachment":[{"href":"https:\/\/www.conaculambient.ro\/es\/wp-json\/wp\/v2\/media?parent=5015"}],"wp:term":[{"taxonomy":"category","embeddable":true,"href":"https:\/\/www.conaculambient.ro\/es\/wp-json\/wp\/v2\/categories?post=5015"},{"taxonomy":"post_tag","embeddable":true,"href":"https:\/\/www.conaculambient.ro\/es\/wp-json\/wp\/v2\/tags?post=5015"},{"taxonomy":"yst_prominent_words","embeddable":true,"href":"https:\/\/www.conaculambient.ro\/es\/wp-json\/wp\/v2\/yst_prominent_words?post=5015"}],"curies":[{"name":"wp","href":"https:\/\/api.w.org\/{rel}","templated":true}]}}